{"id":505,"date":"2017-10-25T15:50:19","date_gmt":"2017-10-25T15:50:19","guid":{"rendered":"http:\/\/www.veterinariasanfroilan.com\/?p=505"},"modified":"2017-10-25T15:50:19","modified_gmt":"2017-10-25T15:50:19","slug":"o-celo-na-gata","status":"publish","type":"post","link":"https:\/\/www.veterinariasanfroilan.com\/gl\/o-celo-na-gata\/","title":{"rendered":"O CELO NA GATA"},"content":{"rendered":"<h3>\u00a0\u00a0Xa que estamos a chegar a unha \u00e9poca onde as nosas gatas van entrar en celo e ab\u00f3rdanvos d\u00fabidas como : \u00bfcando lle v\u00e9n o celo \u00e1 mi\u00f1a gata? \u00bfcanto dura? \u00bfcantos celos te\u00f1en ao ano?, quixemos dedicar un artigo para entender o seu ciclo reprodutivo xa que o celo das gatas \u00e9 moi distinto ao celo das cadelas<\/h3>\n<h2>\u00a1AL\u00c1 IMOS!<\/h2>\n<p>Debedes saber que as gatas son POLIESTRICAS ESTACIONALES, isto quere dicir que os seus celos est\u00e1n regulados polas horas de luz, \u00e9 dicir polas estaci\u00f3ns do ano. No solsticio de inverno, o 24 de Decembro as horas de luz empezan a aumentar, os d\u00edas comezan a ser m\u00e1is longos e \u00e9 cando as nosas gatas empezan a estar en celo. Nalg\u00fans lugares de Galicia ch\u00e1maselles a este per\u00edodo comunmente como &#8221; A Xaneira&#8221;. Desde estas datas ata que os d\u00edas empezan a facerse m\u00e1is curtos (pasados o ver\u00e1n) as gatas entrar\u00e1n varias veces en celo. \u00c9 a primeira diferenza que temos coas cadelas, as que, como sabedes presentan 1 ou 2 celos ao ano.<\/p>\n<p>&nbsp;<\/p>\n<blockquote>\n<h4>Existen excepci\u00f3ns, e hai gatas que entran en celo sen ter en conta as horas de luz, \u00e9 dicir todo o ano, crese que \u00e9 debido \u00e1s horas de luz artificial ( a luz dos pisos e casas), pero en xeral a maior\u00eda de gatas estar\u00e1n en celo durante este longo per\u00edodo de tempo.<\/h4>\n<\/blockquote>\n<p>&nbsp;<\/p>\n<p>Outra diferenza coa cadela \u00e9 que as gata presenta\u00a0OVULACI\u00d3N INDUCIDA, \u00e9 dicir, ovulan cando se produce a monta por parte do macho quedando polo xeral gestante. Se non houbo monta ou non queda gestante, a gata volver\u00e1 a ciclar ata terminar o per\u00edodo reprodutivo. Isto quere dicir que ter\u00e1 signos de celo 3-4 d\u00edas cada aproximadamente 10 d\u00edas durante este per\u00edodo de tempo.<br \/>\n<a ref=\"magnificPopup\" href=\"http:\/\/www.veterinariasanfroilan.com\/es\/wp-content\/uploads\/2017\/10\/gato-celo.jpg\"><img loading=\"lazy\" decoding=\"async\" class=\"size-medium wp-image-540 aligncenter\" src=\"http:\/\/www.veterinariasanfroilan.com\/es\/wp-content\/uploads\/2017\/10\/gato-celo-300x225.jpg\" alt=\"\" width=\"300\" height=\"225\" \/><\/a><\/p>\n<blockquote>\n<h2 style=\"text-align: center;\">\u00a1\u00a1Non deixar\u00e1 de entrar en celo ata que termine a \u00e9poca reprodutiva!<\/h2>\n<\/blockquote>\n<p>Existen tam\u00e9n algunhas excepci\u00f3ns e hoxe sabemos que hai gatas que te\u00f1en ovulaciones esp\u00f3nt\u00e1neas, \u00e9 dicir sen haber monta. Isto \u00e9 debido a est\u00edmulos ambientais, olfatorios, visuais, auditivos ou t\u00e1ctiles que producen que a gata ovule por si soa.<\/p>\n<p>&nbsp;<\/p>\n<h2>Ent\u00f3n&#8230;\u00bfC\u00e1ndo aparecer\u00e1 o primeiro celo?<\/h2>\n<p>-Na puberdade. Nas gatas esta fase prod\u00facese aproximadamente sobre os 6 ou 9 meses de idade. Existen varios factores que chegue antes ou m\u00e1is tarde \u00e1 puberdade : o momento do nacemento, se convive con machos ou femias e o peso ( chegan \u00e1 puberdade cando o seu peso chegue a 2-3 kg xeralmente)<\/p>\n<h2>\u00bfC\u00f3mo sei que a mi\u00f1a gata est\u00e1 en celo?<\/h2>\n<p><img loading=\"lazy\" decoding=\"async\" class=\"size-medium wp-image-537 alignright\" src=\"http:\/\/www.veterinariasanfroilan.com\/es\/wp-content\/uploads\/2017\/10\/cat-cari\u00f1osa-300x169.jpg\" alt=\"\" width=\"300\" height=\"169\" \/><\/p>\n<p>Cando as gatas entran en celo adoptan unha actitude excesivamente cari\u00f1osa, freganse contra obxectos da casa, contra as persoas&#8230; As vocalizaciones e maullidous aumentan en n\u00famero e intensidade , sendo moitas veces dunha alta voltaxe que chega a persuadir a nosa vida diaria (e a do veci\u00f1o)<\/p>\n<p>&nbsp;<\/p>\n<h2>\u00bf\u00c9 recomendable\u00a0 castrar \u00e1s gatas?<\/h2>\n<p>S\u00cd. Con numerosos estudos detr\u00e1s, sabemos que as gatas *castradas (antes do seu primeiro celo) viven m\u00e1is anos, evitamos patolox\u00edas reprodutivas : *piometra (infecci\u00f3n de \u00fatero), *fibroadenomatosis, tumores tanto *uterinos como *ov\u00e1ricos e mesmo os tan temidos tumores de mama.<\/p>\n<p style=\"text-align: center;\">Ademais, as gatas non *castradas te\u00f1en m\u00e1is risco de escaparse ou de tentalo, xa que a ?chamada da natureza? non atende a raz\u00f3ns provocando accidentes e xestaci\u00f3ns *indeseadas.<\/p>\n<p>Se tedes calquera d\u00fabida sobre o celo da gata\u00a0ou a castraci\u00f3n poidades contactar connosco,<br \/>\n<a ref=\"magnificPopup\" href=\"http:\/\/www.veterinariasanfroilan.com\/es\/wp-content\/uploads\/2017\/10\/Cat-gi\u00f1o.jpg\"><img loading=\"lazy\" decoding=\"async\" class=\"size-medium wp-image-538 aligncenter\" src=\"http:\/\/www.veterinariasanfroilan.com\/es\/wp-content\/uploads\/2017\/10\/Cat-gi\u00f1o-300x199.jpg\" alt=\"\" width=\"300\" height=\"199\" \/><\/a><\/p>\n<h2 style=\"text-align: center;\"><span style=\"color: #ff00ff;\">\u00a1\u00a1\u00a1\u00a1estaremos encantados de resolver todas as vosas d\u00fabidas sobre este tema!!!<\/span><\/h2>\n","protected":false},"excerpt":{"rendered":"<p>\u00a0\u00a0Xa que estamos a chegar a unha \u00e9poca onde as nosas gatas van entrar en celo e ab\u00f3rdanvos d\u00fabidas como : \u00bfcando lle v\u00e9n o celo \u00e1 mi\u00f1a gata? \u00bfcanto dura? \u00bfcantos celos te\u00f1en ao ano?, quixemos dedicar un artigo para entender o seu ciclo reprodutivo xa que o celo das gatas \u00e9 moi distinto&#8230;<\/p>\n","protected":false},"author":1,"featured_media":506,"comment_status":"open","ping_status":"open","sticky":false,"template":"","format":"standard","meta":{"_acf_changed":false,"footnotes":""},"categories":[6],"tags":[21,20,8,19],"class_list":["post-505","post","type-post","status-publish","format-standard","has-post-thumbnail","hentry","category-gatos","tag-celo","tag-gatas","tag-gatos","tag-reproduccion"],"acf":[],"_links":{"self":[{"href":"https:\/\/www.veterinariasanfroilan.com\/gl\/wp-json\/wp\/v2\/posts\/505","targetHints":{"allow":["GET"]}}],"collection":[{"href":"https:\/\/www.veterinariasanfroilan.com\/gl\/wp-json\/wp\/v2\/posts"}],"about":[{"href":"https:\/\/www.veterinariasanfroilan.com\/gl\/wp-json\/wp\/v2\/types\/post"}],"author":[{"embeddable":true,"href":"https:\/\/www.veterinariasanfroilan.com\/gl\/wp-json\/wp\/v2\/users\/1"}],"replies":[{"embeddable":true,"href":"https:\/\/www.veterinariasanfroilan.com\/gl\/wp-json\/wp\/v2\/comments?post=505"}],"version-history":[{"count":1,"href":"https:\/\/www.veterinariasanfroilan.com\/gl\/wp-json\/wp\/v2\/posts\/505\/revisions"}],"predecessor-version":[{"id":507,"href":"https:\/\/www.veterinariasanfroilan.com\/gl\/wp-json\/wp\/v2\/posts\/505\/revisions\/507"}],"wp:featuredmedia":[{"embeddable":true,"href":"https:\/\/www.veterinariasanfroilan.com\/gl\/wp-json\/wp\/v2\/media\/506"}],"wp:attachment":[{"href":"https:\/\/www.veterinariasanfroilan.com\/gl\/wp-json\/wp\/v2\/media?parent=505"}],"wp:term":[{"taxonomy":"category","embeddable":true,"href":"https:\/\/www.veterinariasanfroilan.com\/gl\/wp-json\/wp\/v2\/categories?post=505"},{"taxonomy":"post_tag","embeddable":true,"href":"https:\/\/www.veterinariasanfroilan.com\/gl\/wp-json\/wp\/v2\/tags?post=505"}],"curies":[{"name":"wp","href":"https:\/\/api.w.org\/{rel}","templated":true}]}}